{"id":4135,"date":"2025-08-05T17:25:14","date_gmt":"2025-08-05T15:25:14","guid":{"rendered":"https:\/\/www.gentleaf.com\/como-es-mi-cabello-seco-normal-o-graso\/"},"modified":"2025-08-05T17:44:11","modified_gmt":"2025-08-05T15:44:11","slug":"como-es-mi-cabello-seco-normal-o-graso","status":"publish","type":"post","link":"https:\/\/www.gentleaf.com\/es\/como-es-mi-cabello-seco-normal-o-graso\/","title":{"rendered":"\u00bfC\u00f3mo es mi cabello? \u00bfSeco, normal o graso?"},"content":{"rendered":"\n<p class=\"wp-block-paragraph\">Si de verdad no sabes por d\u00f3nde empezar, aqu\u00ed tienes algunos consejos sencillos que te ayudar\u00e1n a entender mejor c\u00f3mo estructurar tu rutina capilar.<\/p>\n\n<p class=\"wp-block-paragraph\">\u00bfSiempre has usado solo champ\u00fa + acondicionador? Vamos a hacerlo paso a paso, con m\u00e1s informaci\u00f3n en camino, sin agobiarte ni complicarte la vida. Prometido, sin alarmismos :) <\/p>\n\n<p class=\"wp-block-paragraph\">PRIMER PASO: \u00bfQU\u00c9 TIPO DE CABELLO TENGO? <\/p>\n\n<ul class=\"wp-block-list\">\n<li>SECO<\/li>\n\n\n\n<li>NORMAL<\/li>\n\n\n\n<li>GRASSI<\/li>\n<\/ul>\n\n<p class=\"wp-block-paragraph\"><strong>Si tu cabello<\/strong> es seco, lo primero que debes a\u00f1adir a tu rutina es un a<strong><u>condicionador sin aclarado<\/u><\/strong> y un <strong><u>enjuague \u00e1cido\/protector t\u00e9rmico<\/u><\/strong>. Por ejemplo: <\/p>\n\n<p class=\"wp-block-paragraph\">-VOLUME BOOSTER \u2013 si buscas m\u00e1s volumen y protecci\u00f3n solar<\/p>\n\n<p class=\"wp-block-paragraph\">-MY BEST OPTION \u2013 si quieres fortalecer el cabello, especialmente si est\u00e1 tratado qu\u00edmicamente o es de medio a grueso<\/p>\n\n<p class=\"wp-block-paragraph\">-FORCE 7 SEA MASCARILLA, ACONDICIONADOR Y CREMA LEAVE-IN \u2013 tratamiento fortalecedor con prote\u00ednas, activos marinos y biofermentos<\/p>\n\n<p class=\"wp-block-paragraph\">-ACONDICIONADOR SIN ACLARADO CON LINAZA \u2013 maravilloso para cabellos ondulados y rizados<\/p>\n\n<p class=\"wp-block-paragraph\">-ACONDICIONADOR SIN ACLARADO GLOSSY \u2013 ideal para todo tipo de cabello, a\u00f1ade hidrataci\u00f3n profunda y sella la cut\u00edcula<\/p>\n\n<p class=\"wp-block-paragraph\">-GREEN NECTAR \u2013 el enjuague \u00e1cido perfecto para zonas con agua dura; \u00a1el m\u00e1s \u00e1cido que tenemos! :)<\/p>\n\n<p class=\"wp-block-paragraph\">-POWER WATER \u2013 el enjuague \u00e1cido definitivo para rizos y afrorizos, especialmente si hay sequedad<\/p>\n\n<p class=\"wp-block-paragraph\">-LADY SHINE \u2013 ideal para a\u00f1adir hidrataci\u00f3n y un toque de definici\u00f3n; tambi\u00e9n excelente si quieres introducir algo de prote\u00edna en la rutina<\/p>\n\n<p class=\"wp-block-paragraph\">Tambi\u00e9n recomendamos <strong><u>alternar tu champ\u00fa low poo<\/u><\/strong> (nuestros CHAMP\u00daS S\u00d3LIDOS, CURLY BEAUTY, LION\u2019S MANE, RECOVERY CREAMWASH, CHAMP\u00da QUELANTE y CHAMP\u00da LAMINANTE son todos sin sulfatos) <strong><u>con SOFTWASH<\/u><\/strong>, nuestra crema limpiadora sin tensioactivos. Esto ayuda a reducir el estr\u00e9s en los largos y a cuidar delicadamente el cuero cabelludo \u2014 s\u00ed, \u00a1todo empieza ah\u00ed, en el cuero cabelludo! \u2764\ufe0f  <\/p>\n\n<p class=\"wp-block-paragraph\"><strong>Si tu cabello es normal<\/strong>, significa que est\u00e1 brillante, no se encrespa, no se rompe en las puntas, no se enreda ni se engrasa r\u00e1pidamente\u2026 \u00a1Est\u00e1 sano y precioso!<br\/>Pero eso no quiere decir que no necesite cuidados: un champ\u00fa suave (ver arriba), un buen acondicionador, un protector t\u00e9rmico y productos de styling ligeros son m\u00e1s que suficientes para empezar bien.   <\/p>\n\n<p class=\"wp-block-paragraph\">\u00bfC\u00f3mo elijo el acondicionador adecuado?<\/p>\n\n<p class=\"wp-block-paragraph\">-WONDER \u2013 el m\u00e1s querido, rico en prote\u00ednas, ideal para cabellos finos y estresados<\/p>\n\n<p class=\"wp-block-paragraph\">-EVOLUTION \u2013 ultra hidratante, apto para todo tipo de cabello<\/p>\n\n<p class=\"wp-block-paragraph\">-ACONDICIONADOR LAMINANTE GLOSSY \u2013 para un extra de brillo y cut\u00edculas selladas<\/p>\n\n<p class=\"wp-block-paragraph\">-WIN THE WAR \u2013 un acondicionador sencillo y eficaz, perfecto para cualquier tipo de cabello<\/p>\n\n<p class=\"wp-block-paragraph\">Si necesitas un extra de prote\u00ednas, tambi\u00e9n puedes usar en lugar del acondicionador:<\/p>\n\n<p class=\"wp-block-paragraph\">-TASK FORCE \u2013 ideal para cabellos finos <\/p>\n\n<p class=\"wp-block-paragraph\">-SPACE SHIELD \u2013 perfecto para cabellos de medios a gruesos<\/p>\n\n<p class=\"wp-block-paragraph\">A decir verdad, a veces yo tambi\u00e9n uso acondicionadores sin enjuague y mascarillas como acondicionadores normales \u2014 los aplico y desenredo con el cepillo. \u00a1Me encantan los resultados! <\/p>\n\n<p class=\"wp-block-paragraph\"><strong>Si tu cabello es graso,<\/strong> significa que el cuero cabelludo produce un exceso de sebo. Puede deberse a varios factores.<br\/>La clave es lavar bien el cuero cabelludo (consulta nuestra l\u00ednea DETOX), sin utilizar ingredientes agresivos o que resequen.<br\/>Utilizar un tratamiento equilibrante, como nuestros geles prebi\u00f3ticos, ayuda a restablecer el equilibrio poco a poco.   <\/p>\n\n<p class=\"wp-block-paragraph\">Te recomendamos:<\/p>\n\n<p class=\"wp-block-paragraph\">-MASCARILLA GEL EXFOLIANTE \u2013 aplicar cinco minutos antes del champ\u00fa<\/p>\n\n<p class=\"wp-block-paragraph\">-CHAMP\u00da QUELANTE \u2013 \u00fatil cuando hay acumulaci\u00f3n de productos (acondicionadores, mascarillas que no se enjuagan del todo), factores ambientales (smog, agua dura) o exceso de sebo<\/p>\n\n<p class=\"wp-block-paragraph\">-MASCARILLA \u00c1CIDA QUELANTE\u2013 desenreda, sella la cut\u00edcula y deja el cabello ligero y brillante<\/p>\n\n<p class=\"wp-block-paragraph\">Recuerda tambi\u00e9n usar productos de styling ligeros y elegir un leave-in como<\/p>\n\n<p class=\"wp-block-paragraph\">\ud83c\udf40 Para reequilibrar el cuero cabelludo, puedes aplicar un gel prebi\u00f3tico antes del styling:<\/p>\n\n<p class=\"wp-block-paragraph\">-BLUE MAGIC \u2013 aporta volumen e hidrataci\u00f3n a las ra\u00edces y al cuero cabelludo (tambi\u00e9n funciona genial en los largos)<\/p>\n\n<p class=\"wp-block-paragraph\">-GREEN BOOST \u2013 a\u00f1ade hidrataci\u00f3n y cuerpo desde la ra\u00edz<\/p>\n\n<p class=\"wp-block-paragraph\">-NEVER GIVE UP \u2013 gel prebi\u00f3tico antica\u00edda que estimula el crecimiento y fortalece los fol\u00edculos<\/p>\n\n<p class=\"wp-block-paragraph\">Si tienes alguna duda, puedes escribirme a <a href=\"mailto:customercare@gentleaf.com\">customercare@gentleaf.com<\/a> \u2014 estar\u00e9 encantada de ayudarte \u2764\ufe0f<\/p>\n","protected":false},"excerpt":{"rendered":"<p>Si de verdad no sabes por d\u00f3nde empezar, aqu\u00ed tienes algunos consejos sencillos que te ayudar\u00e1n a entender mejor c\u00f3mo estructurar tu rutina capilar. \u00bfSiempre has usado solo champ\u00fa + acondicionador? Vamos a hacerlo paso a paso, con m\u00e1s informaci\u00f3n en camino, sin agobiarte ni complicarte la vida. Prometido, sin alarmismos :) PRIMER PASO: \u00bfQU\u00c9 [&hellip;]<\/p>\n","protected":false},"author":1,"featured_media":4131,"comment_status":"open","ping_status":"open","sticky":false,"template":"","format":"standard","meta":{"_acf_changed":false,"inline_featured_image":false,"footnotes":""},"categories":[178],"tags":[],"class_list":["post-4135","post","type-post","status-publish","format-standard","has-post-thumbnail","hentry","category-sin-categorizar"],"blocksy_meta":{"styles_descriptor":{"styles":{"desktop":"","tablet":"","mobile":""},"google_fonts":[],"version":7}},"acf":[],"yoast_head":"<!-- This site is optimized with the Yoast SEO plugin v28.3 - https:\/\/yoast.com\/product\/yoast-seo-wordpress\/ -->\n<title>\u00bfC\u00f3mo es mi cabello? \u00bfSeco, normal o graso? - Gentleaf<\/title>\n<meta name=\"robots\" content=\"index, follow, max-snippet:-1, max-image-preview:large, max-video-preview:-1\" \/>\n<link rel=\"canonical\" href=\"https:\/\/www.gentleaf.com\/es\/como-es-mi-cabello-seco-normal-o-graso\/\" \/>\n<meta property=\"og:locale\" content=\"es_ES\" \/>\n<meta property=\"og:type\" content=\"article\" \/>\n<meta property=\"og:title\" content=\"\u00bfC\u00f3mo es mi cabello? \u00bfSeco, normal o graso? - Gentleaf\" \/>\n<meta property=\"og:description\" content=\"Si de verdad no sabes por d\u00f3nde empezar, aqu\u00ed tienes algunos consejos sencillos que te ayudar\u00e1n a entender mejor c\u00f3mo estructurar tu rutina capilar. \u00bfSiempre has usado solo champ\u00fa + acondicionador? Vamos a hacerlo paso a paso, con m\u00e1s informaci\u00f3n en camino, sin agobiarte ni complicarte la vida. Prometido, sin alarmismos :) PRIMER PASO: \u00bfQU\u00c9 [&hellip;]\" \/>\n<meta property=\"og:url\" content=\"https:\/\/www.gentleaf.com\/es\/como-es-mi-cabello-seco-normal-o-graso\/\" \/>\n<meta property=\"og:site_name\" content=\"Gentleaf\" \/>\n<meta property=\"article:published_time\" content=\"2025-08-05T15:25:14+00:00\" \/>\n<meta property=\"article:modified_time\" content=\"2025-08-05T15:44:11+00:00\" \/>\n<meta property=\"og:image\" content=\"https:\/\/www.gentleaf.com\/wp-content\/uploads\/2025\/08\/31.webp\" \/>\n\t<meta property=\"og:image:width\" content=\"640\" \/>\n\t<meta property=\"og:image:height\" content=\"360\" \/>\n\t<meta property=\"og:image:type\" content=\"image\/webp\" \/>\n<meta name=\"author\" content=\"admin\" \/>\n<meta name=\"twitter:card\" content=\"summary_large_image\" \/>\n<meta name=\"twitter:label1\" content=\"Escrito por\" \/>\n\t<meta name=\"twitter:data1\" content=\"admin\" \/>\n\t<meta name=\"twitter:label2\" content=\"Tiempo de lectura\" \/>\n\t<meta name=\"twitter:data2\" content=\"3 minutos\" \/>\n<script type=\"application\/ld+json\" class=\"yoast-schema-graph\">{\"@context\":\"https:\\\/\\\/schema.org\",\"@graph\":[{\"@type\":\"Article\",\"@id\":\"https:\\\/\\\/www.gentleaf.com\\\/es\\\/como-es-mi-cabello-seco-normal-o-graso\\\/#article\",\"isPartOf\":{\"@id\":\"https:\\\/\\\/www.gentleaf.com\\\/es\\\/como-es-mi-cabello-seco-normal-o-graso\\\/\"},\"author\":{\"name\":\"admin\",\"@id\":\"https:\\\/\\\/www.gentleaf.com\\\/#\\\/schema\\\/person\\\/aaec2fbf8e509edd3937b5ffe5261be0\"},\"headline\":\"\u00bfC\u00f3mo es mi cabello? \u00bfSeco, normal o graso?\",\"datePublished\":\"2025-08-05T15:25:14+00:00\",\"dateModified\":\"2025-08-05T15:44:11+00:00\",\"mainEntityOfPage\":{\"@id\":\"https:\\\/\\\/www.gentleaf.com\\\/es\\\/como-es-mi-cabello-seco-normal-o-graso\\\/\"},\"wordCount\":679,\"commentCount\":0,\"publisher\":{\"@id\":\"https:\\\/\\\/www.gentleaf.com\\\/#organization\"},\"image\":{\"@id\":\"https:\\\/\\\/www.gentleaf.com\\\/es\\\/como-es-mi-cabello-seco-normal-o-graso\\\/#primaryimage\"},\"thumbnailUrl\":\"https:\\\/\\\/www.gentleaf.com\\\/wp-content\\\/uploads\\\/2025\\\/08\\\/31.webp\",\"articleSection\":[\"Sin categorizar\"],\"inLanguage\":\"es\",\"potentialAction\":[{\"@type\":\"CommentAction\",\"name\":\"Comment\",\"target\":[\"https:\\\/\\\/www.gentleaf.com\\\/es\\\/como-es-mi-cabello-seco-normal-o-graso\\\/#respond\"]}]},{\"@type\":\"WebPage\",\"@id\":\"https:\\\/\\\/www.gentleaf.com\\\/es\\\/como-es-mi-cabello-seco-normal-o-graso\\\/\",\"url\":\"https:\\\/\\\/www.gentleaf.com\\\/es\\\/como-es-mi-cabello-seco-normal-o-graso\\\/\",\"name\":\"\u00bfC\u00f3mo es mi cabello? \u00bfSeco, normal o graso? - Gentleaf\",\"isPartOf\":{\"@id\":\"https:\\\/\\\/www.gentleaf.com\\\/#website\"},\"primaryImageOfPage\":{\"@id\":\"https:\\\/\\\/www.gentleaf.com\\\/es\\\/como-es-mi-cabello-seco-normal-o-graso\\\/#primaryimage\"},\"image\":{\"@id\":\"https:\\\/\\\/www.gentleaf.com\\\/es\\\/como-es-mi-cabello-seco-normal-o-graso\\\/#primaryimage\"},\"thumbnailUrl\":\"https:\\\/\\\/www.gentleaf.com\\\/wp-content\\\/uploads\\\/2025\\\/08\\\/31.webp\",\"datePublished\":\"2025-08-05T15:25:14+00:00\",\"dateModified\":\"2025-08-05T15:44:11+00:00\",\"breadcrumb\":{\"@id\":\"https:\\\/\\\/www.gentleaf.com\\\/es\\\/como-es-mi-cabello-seco-normal-o-graso\\\/#breadcrumb\"},\"inLanguage\":\"es\",\"potentialAction\":[{\"@type\":\"ReadAction\",\"target\":[\"https:\\\/\\\/www.gentleaf.com\\\/es\\\/como-es-mi-cabello-seco-normal-o-graso\\\/\"]}]},{\"@type\":\"ImageObject\",\"inLanguage\":\"es\",\"@id\":\"https:\\\/\\\/www.gentleaf.com\\\/es\\\/como-es-mi-cabello-seco-normal-o-graso\\\/#primaryimage\",\"url\":\"https:\\\/\\\/www.gentleaf.com\\\/wp-content\\\/uploads\\\/2025\\\/08\\\/31.webp\",\"contentUrl\":\"https:\\\/\\\/www.gentleaf.com\\\/wp-content\\\/uploads\\\/2025\\\/08\\\/31.webp\",\"width\":640,\"height\":360},{\"@type\":\"BreadcrumbList\",\"@id\":\"https:\\\/\\\/www.gentleaf.com\\\/es\\\/como-es-mi-cabello-seco-normal-o-graso\\\/#breadcrumb\",\"itemListElement\":[{\"@type\":\"ListItem\",\"position\":1,\"name\":\"Home\",\"item\":\"https:\\\/\\\/www.gentleaf.com\\\/es\\\/\"},{\"@type\":\"ListItem\",\"position\":2,\"name\":\"\u00bfC\u00f3mo es mi cabello? \u00bfSeco, normal o graso?\"}]},{\"@type\":\"WebSite\",\"@id\":\"https:\\\/\\\/www.gentleaf.com\\\/#website\",\"url\":\"https:\\\/\\\/www.gentleaf.com\\\/\",\"name\":\"Gentleaf\",\"description\":\"Organic professional cosmetics\",\"publisher\":{\"@id\":\"https:\\\/\\\/www.gentleaf.com\\\/#organization\"},\"potentialAction\":[{\"@type\":\"SearchAction\",\"target\":{\"@type\":\"EntryPoint\",\"urlTemplate\":\"https:\\\/\\\/www.gentleaf.com\\\/?s={search_term_string}\"},\"query-input\":{\"@type\":\"PropertyValueSpecification\",\"valueRequired\":true,\"valueName\":\"search_term_string\"}}],\"inLanguage\":\"es\"},{\"@type\":\"Organization\",\"@id\":\"https:\\\/\\\/www.gentleaf.com\\\/#organization\",\"name\":\"Gentleaf\",\"url\":\"https:\\\/\\\/www.gentleaf.com\\\/\",\"logo\":{\"@type\":\"ImageObject\",\"inLanguage\":\"es\",\"@id\":\"https:\\\/\\\/www.gentleaf.com\\\/#\\\/schema\\\/logo\\\/image\\\/\",\"url\":\"https:\\\/\\\/www.gentleaf.com\\\/wp-content\\\/uploads\\\/2024\\\/02\\\/biogentleaf-logo-head.svg\",\"contentUrl\":\"https:\\\/\\\/www.gentleaf.com\\\/wp-content\\\/uploads\\\/2024\\\/02\\\/biogentleaf-logo-head.svg\",\"width\":100,\"height\":100,\"caption\":\"Gentleaf\"},\"image\":{\"@id\":\"https:\\\/\\\/www.gentleaf.com\\\/#\\\/schema\\\/logo\\\/image\\\/\"},\"sameAs\":[\"https:\\\/\\\/www.instagram.com\\\/gentleaf_bio\\\/?fbclid=IwY2xjawKBnY5leHRuA2FlbQIxMABicmlkETFnR3FwYjZ4RGRtRFJjamp2AR4SGdGOPrfdrVW-SGgGqLeTEuWwIANOXw19d6-WwnRUnESn5A7nOSsg73FS5A_aem_8xfPJYhVFMj_7_V1SzFGbg\"]},{\"@type\":\"Person\",\"@id\":\"https:\\\/\\\/www.gentleaf.com\\\/#\\\/schema\\\/person\\\/aaec2fbf8e509edd3937b5ffe5261be0\",\"name\":\"admin\",\"image\":{\"@type\":\"ImageObject\",\"inLanguage\":\"es\",\"@id\":\"https:\\\/\\\/secure.gravatar.com\\\/avatar\\\/de6d20292d91e30fae892dab8072477bd6609ab12e3fd3e92f7da111c3a2f4d1?s=96&d=mm&r=g\",\"url\":\"https:\\\/\\\/secure.gravatar.com\\\/avatar\\\/de6d20292d91e30fae892dab8072477bd6609ab12e3fd3e92f7da111c3a2f4d1?s=96&d=mm&r=g\",\"contentUrl\":\"https:\\\/\\\/secure.gravatar.com\\\/avatar\\\/de6d20292d91e30fae892dab8072477bd6609ab12e3fd3e92f7da111c3a2f4d1?s=96&d=mm&r=g\",\"caption\":\"admin\"},\"sameAs\":[\"https:\\\/\\\/gentleaf.com\\\/nuovo-sito\"],\"url\":\"https:\\\/\\\/www.gentleaf.com\\\/es\\\/author\\\/admin\\\/\"}]}<\/script>\n<!-- \/ Yoast SEO plugin. -->","yoast_head_json":{"title":"\u00bfC\u00f3mo es mi cabello? \u00bfSeco, normal o graso? - Gentleaf","robots":{"index":"index","follow":"follow","max-snippet":"max-snippet:-1","max-image-preview":"max-image-preview:large","max-video-preview":"max-video-preview:-1"},"canonical":"https:\/\/www.gentleaf.com\/es\/como-es-mi-cabello-seco-normal-o-graso\/","og_locale":"es_ES","og_type":"article","og_title":"\u00bfC\u00f3mo es mi cabello? \u00bfSeco, normal o graso? - Gentleaf","og_description":"Si de verdad no sabes por d\u00f3nde empezar, aqu\u00ed tienes algunos consejos sencillos que te ayudar\u00e1n a entender mejor c\u00f3mo estructurar tu rutina capilar. \u00bfSiempre has usado solo champ\u00fa + acondicionador? Vamos a hacerlo paso a paso, con m\u00e1s informaci\u00f3n en camino, sin agobiarte ni complicarte la vida. Prometido, sin alarmismos :) PRIMER PASO: \u00bfQU\u00c9 [&hellip;]","og_url":"https:\/\/www.gentleaf.com\/es\/como-es-mi-cabello-seco-normal-o-graso\/","og_site_name":"Gentleaf","article_published_time":"2025-08-05T15:25:14+00:00","article_modified_time":"2025-08-05T15:44:11+00:00","og_image":[{"width":640,"height":360,"url":"https:\/\/www.gentleaf.com\/wp-content\/uploads\/2025\/08\/31.webp","type":"image\/webp"}],"author":"admin","twitter_card":"summary_large_image","twitter_misc":{"Escrito por":"admin","Tiempo de lectura":"3 minutos"},"schema":{"@context":"https:\/\/schema.org","@graph":[{"@type":"Article","@id":"https:\/\/www.gentleaf.com\/es\/como-es-mi-cabello-seco-normal-o-graso\/#article","isPartOf":{"@id":"https:\/\/www.gentleaf.com\/es\/como-es-mi-cabello-seco-normal-o-graso\/"},"author":{"name":"admin","@id":"https:\/\/www.gentleaf.com\/#\/schema\/person\/aaec2fbf8e509edd3937b5ffe5261be0"},"headline":"\u00bfC\u00f3mo es mi cabello? \u00bfSeco, normal o graso?","datePublished":"2025-08-05T15:25:14+00:00","dateModified":"2025-08-05T15:44:11+00:00","mainEntityOfPage":{"@id":"https:\/\/www.gentleaf.com\/es\/como-es-mi-cabello-seco-normal-o-graso\/"},"wordCount":679,"commentCount":0,"publisher":{"@id":"https:\/\/www.gentleaf.com\/#organization"},"image":{"@id":"https:\/\/www.gentleaf.com\/es\/como-es-mi-cabello-seco-normal-o-graso\/#primaryimage"},"thumbnailUrl":"https:\/\/www.gentleaf.com\/wp-content\/uploads\/2025\/08\/31.webp","articleSection":["Sin categorizar"],"inLanguage":"es","potentialAction":[{"@type":"CommentAction","name":"Comment","target":["https:\/\/www.gentleaf.com\/es\/como-es-mi-cabello-seco-normal-o-graso\/#respond"]}]},{"@type":"WebPage","@id":"https:\/\/www.gentleaf.com\/es\/como-es-mi-cabello-seco-normal-o-graso\/","url":"https:\/\/www.gentleaf.com\/es\/como-es-mi-cabello-seco-normal-o-graso\/","name":"\u00bfC\u00f3mo es mi cabello? \u00bfSeco, normal o graso? - Gentleaf","isPartOf":{"@id":"https:\/\/www.gentleaf.com\/#website"},"primaryImageOfPage":{"@id":"https:\/\/www.gentleaf.com\/es\/como-es-mi-cabello-seco-normal-o-graso\/#primaryimage"},"image":{"@id":"https:\/\/www.gentleaf.com\/es\/como-es-mi-cabello-seco-normal-o-graso\/#primaryimage"},"thumbnailUrl":"https:\/\/www.gentleaf.com\/wp-content\/uploads\/2025\/08\/31.webp","datePublished":"2025-08-05T15:25:14+00:00","dateModified":"2025-08-05T15:44:11+00:00","breadcrumb":{"@id":"https:\/\/www.gentleaf.com\/es\/como-es-mi-cabello-seco-normal-o-graso\/#breadcrumb"},"inLanguage":"es","potentialAction":[{"@type":"ReadAction","target":["https:\/\/www.gentleaf.com\/es\/como-es-mi-cabello-seco-normal-o-graso\/"]}]},{"@type":"ImageObject","inLanguage":"es","@id":"https:\/\/www.gentleaf.com\/es\/como-es-mi-cabello-seco-normal-o-graso\/#primaryimage","url":"https:\/\/www.gentleaf.com\/wp-content\/uploads\/2025\/08\/31.webp","contentUrl":"https:\/\/www.gentleaf.com\/wp-content\/uploads\/2025\/08\/31.webp","width":640,"height":360},{"@type":"BreadcrumbList","@id":"https:\/\/www.gentleaf.com\/es\/como-es-mi-cabello-seco-normal-o-graso\/#breadcrumb","itemListElement":[{"@type":"ListItem","position":1,"name":"Home","item":"https:\/\/www.gentleaf.com\/es\/"},{"@type":"ListItem","position":2,"name":"\u00bfC\u00f3mo es mi cabello? \u00bfSeco, normal o graso?"}]},{"@type":"WebSite","@id":"https:\/\/www.gentleaf.com\/#website","url":"https:\/\/www.gentleaf.com\/","name":"Gentleaf","description":"Organic professional cosmetics","publisher":{"@id":"https:\/\/www.gentleaf.com\/#organization"},"potentialAction":[{"@type":"SearchAction","target":{"@type":"EntryPoint","urlTemplate":"https:\/\/www.gentleaf.com\/?s={search_term_string}"},"query-input":{"@type":"PropertyValueSpecification","valueRequired":true,"valueName":"search_term_string"}}],"inLanguage":"es"},{"@type":"Organization","@id":"https:\/\/www.gentleaf.com\/#organization","name":"Gentleaf","url":"https:\/\/www.gentleaf.com\/","logo":{"@type":"ImageObject","inLanguage":"es","@id":"https:\/\/www.gentleaf.com\/#\/schema\/logo\/image\/","url":"https:\/\/www.gentleaf.com\/wp-content\/uploads\/2024\/02\/biogentleaf-logo-head.svg","contentUrl":"https:\/\/www.gentleaf.com\/wp-content\/uploads\/2024\/02\/biogentleaf-logo-head.svg","width":100,"height":100,"caption":"Gentleaf"},"image":{"@id":"https:\/\/www.gentleaf.com\/#\/schema\/logo\/image\/"},"sameAs":["https:\/\/www.instagram.com\/gentleaf_bio\/?fbclid=IwY2xjawKBnY5leHRuA2FlbQIxMABicmlkETFnR3FwYjZ4RGRtRFJjamp2AR4SGdGOPrfdrVW-SGgGqLeTEuWwIANOXw19d6-WwnRUnESn5A7nOSsg73FS5A_aem_8xfPJYhVFMj_7_V1SzFGbg"]},{"@type":"Person","@id":"https:\/\/www.gentleaf.com\/#\/schema\/person\/aaec2fbf8e509edd3937b5ffe5261be0","name":"admin","image":{"@type":"ImageObject","inLanguage":"es","@id":"https:\/\/secure.gravatar.com\/avatar\/de6d20292d91e30fae892dab8072477bd6609ab12e3fd3e92f7da111c3a2f4d1?s=96&d=mm&r=g","url":"https:\/\/secure.gravatar.com\/avatar\/de6d20292d91e30fae892dab8072477bd6609ab12e3fd3e92f7da111c3a2f4d1?s=96&d=mm&r=g","contentUrl":"https:\/\/secure.gravatar.com\/avatar\/de6d20292d91e30fae892dab8072477bd6609ab12e3fd3e92f7da111c3a2f4d1?s=96&d=mm&r=g","caption":"admin"},"sameAs":["https:\/\/gentleaf.com\/nuovo-sito"],"url":"https:\/\/www.gentleaf.com\/es\/author\/admin\/"}]}},"_links":{"self":[{"href":"https:\/\/www.gentleaf.com\/es\/wp-json\/wp\/v2\/posts\/4135","targetHints":{"allow":["GET"]}}],"collection":[{"href":"https:\/\/www.gentleaf.com\/es\/wp-json\/wp\/v2\/posts"}],"about":[{"href":"https:\/\/www.gentleaf.com\/es\/wp-json\/wp\/v2\/types\/post"}],"author":[{"embeddable":true,"href":"https:\/\/www.gentleaf.com\/es\/wp-json\/wp\/v2\/users\/1"}],"replies":[{"embeddable":true,"href":"https:\/\/www.gentleaf.com\/es\/wp-json\/wp\/v2\/comments?post=4135"}],"version-history":[{"count":0,"href":"https:\/\/www.gentleaf.com\/es\/wp-json\/wp\/v2\/posts\/4135\/revisions"}],"wp:featuredmedia":[{"embeddable":true,"href":"https:\/\/www.gentleaf.com\/es\/wp-json\/wp\/v2\/media\/4131"}],"wp:attachment":[{"href":"https:\/\/www.gentleaf.com\/es\/wp-json\/wp\/v2\/media?parent=4135"}],"wp:term":[{"taxonomy":"category","embeddable":true,"href":"https:\/\/www.gentleaf.com\/es\/wp-json\/wp\/v2\/categories?post=4135"},{"taxonomy":"post_tag","embeddable":true,"href":"https:\/\/www.gentleaf.com\/es\/wp-json\/wp\/v2\/tags?post=4135"}],"curies":[{"name":"wp","href":"https:\/\/api.w.org\/{rel}","templated":true}]}}