{"id":5494,"date":"2026-06-09T14:34:41","date_gmt":"2026-06-09T12:34:41","guid":{"rendered":"https:\/\/www.gentleaf.com\/?p=5494"},"modified":"2026-06-09T14:40:36","modified_gmt":"2026-06-09T12:40:36","slug":"consejos-de-verano-para-el-cabello-claro","status":"publish","type":"post","link":"https:\/\/www.gentleaf.com\/es\/consejos-de-verano-para-el-cabello-claro\/","title":{"rendered":"Consejos de verano para el cabello claro"},"content":{"rendered":"\n<p class=\"wp-block-paragraph\">La exposici\u00f3n al sol, el calor, la contaminaci\u00f3n y otros factores ambientales pueden hacer que el cabello blanco, gris o rubio, ya sea natural o tratado qu\u00edmicamente (incluyendo mechas y otros servicios de decoloraci\u00f3n), adquiera tonos amarillentos no deseados.<\/p>\n\n\n\n<p class=\"wp-block-paragraph\">Sin embargo, la est\u00e9tica por s\u00ed sola, neutralizar los tonos amarillos y prevenir la p\u00e9rdida de color, no fue la \u00fanica raz\u00f3n que nos inspir\u00f3 a crear productos antiamarilleo. Como siempre, nuestro objetivo no es solo un cabello bonito, sino tambi\u00e9n un cabello sano.<\/p>\n\n\n\n<h3 class=\"wp-block-heading\">\u00bfCu\u00e1les son los retos del cabello claro?<\/h3>\n\n\n\n<p class=\"wp-block-paragraph\">El cabello blanco o gris ha perdido la melanina, que no solo aporta color sino tambi\u00e9n protecci\u00f3n natural. Como resultado, el cabello se vuelve m\u00e1s vulnerable al da\u00f1o oxidativo y tiende a sentirse m\u00e1s r\u00edgido y \u00e1spero.<\/p>\n\n\n\n<p class=\"wp-block-paragraph\">El cabello rubio natural suele ser m\u00e1s fino y tiene menos defensas estructurales en comparaci\u00f3n con los cabellos oscuros.<\/p>\n\n\n\n<p class=\"wp-block-paragraph\">El cabello decolorado ha pasado por un proceso qu\u00edmico agresivo que vac\u00eda la fibra capilar, dej\u00e1ndolo extremadamente fr\u00e1gil y debilitado.<\/p>\n\n\n\n<h3 class=\"wp-block-heading\">\u00bfQu\u00e9 cuidados extra necesita el cabello claro?<\/h3>\n\n\n\n<p class=\"wp-block-paragraph\">Debido a que estos tipos de cabello son especialmente vulnerables, requieren una rutina de cuidado espec\u00edfica:<\/p>\n\n\n\n<p class=\"wp-block-paragraph\">\u2022 Hidrataci\u00f3n y nutrici\u00f3n constantes para compensar la rigidez del cabello blanco y la sequedad habitual del cabello rubio.<\/p>\n\n\n\n<p class=\"wp-block-paragraph\">\u2022 Protecci\u00f3n t\u00e9rmica y UV. Un protector t\u00e9rmico es esencial despu\u00e9s de cada lavado y antes de la exposici\u00f3n al sol para prevenir la oxidaci\u00f3n desde el inicio.<\/p>\n\n\n\n<p class=\"wp-block-paragraph\">\u2022 Reconstrucci\u00f3n proteica. Especialmente para el cabello decolorado, son necesarios tratamientos proteicos para rellenar los \u201cvac\u00edos\u201d de la fibra capilar y devolver fuerza, densidad y resistencia.<\/p>\n\n\n\n<p class=\"wp-block-paragraph\">\u2022 Pigmentos correctores de tono. El uso regular de productos con pigmentos violetas ayuda a neutralizar los reflejos c\u00e1lidos no deseados y a mantener un tono fr\u00edo y luminoso.<\/p>\n\n\n\n<h3 class=\"wp-block-heading\">\u00bfExiste una relaci\u00f3n entre color y porosidad?<\/h3>\n\n\n\n<p class=\"wp-block-paragraph\">S\u00ed, absolutamente. La relaci\u00f3n es muy estrecha y casi siempre est\u00e1 asociada a una alta porosidad.<\/p>\n\n\n\n<p class=\"wp-block-paragraph\">En el cabello decolorado, el proceso de decoloraci\u00f3n levanta forzadamente las cut\u00edculas para eliminar la melanina. El resultado es un cabello que absorbe agua y productos hidratantes muy r\u00e1pidamente, pero tambi\u00e9n los pierde con la misma rapidez, quedando seco y opaco.<\/p>\n\n\n\n<p class=\"wp-block-paragraph\">En el cabello blanco natural, la textura cambia. Las cut\u00edculas suelen estar levantadas o irregulares, lo que lo hace m\u00e1s poroso, propenso al encrespamiento y m\u00e1s susceptible a absorber la humedad y la contaminaci\u00f3n del ambiente.<\/p>\n\n\n\n<p class=\"wp-block-paragraph\">\u00bfLa consecuencia? La alta porosidad hace que el cabello absorba f\u00e1cilmente impurezas del aire y minerales presentes en el agua, como el hierro, acelerando la aparici\u00f3n de tonos amarillentos.<\/p>\n\n\n\n<p class=\"wp-block-paragraph\">Por eso, el cabello claro necesita una rutina que no solo hidrate, sino que tambi\u00e9n ayude a sellar la cut\u00edcula, reteniendo la hidrataci\u00f3n en el interior y protegi\u00e9ndolo de los agentes externos.<\/p>\n\n\n\n<p class=\"wp-block-paragraph\">Por todas estas razones, la RUTINA SILVER ICE es mucho m\u00e1s que un simple protocolo cosm\u00e9tico. A trav\u00e9s de sus cuatro pasos esenciales, proporciona:<\/p>\n\n\n\n<p class=\"wp-block-paragraph\">\ud83d\udca6 Hidrataci\u00f3n profunda: protege contra la opacidad, la fragilidad y la sequedad sin apelmazar el cabello.<\/p>\n\n\n\n<p class=\"wp-block-paragraph\">\ud83c\udf3f Reconstrucci\u00f3n proteica: ayuda a reparar los da\u00f1os estructurales causados por el estr\u00e9s foto-oxidativo, el envejecimiento y los tratamientos qu\u00edmicos.<\/p>\n\n\n\n<p class=\"wp-block-paragraph\">\ud83d\udee1\ufe0f Protecci\u00f3n t\u00e9rmica y UV: gracias al Acondicionador sin enjuague con filtro UV mec\u00e1nico que ayuda a proteger el cabello del sol y a ralentizar la p\u00e9rdida de color.<\/p>\n\n\n\n<p class=\"wp-block-paragraph\">\ud83d\udd12 Acci\u00f3n selladora anti-frizz: suaviza la cut\u00edcula, combate la alta porosidad y evita la p\u00e9rdida de hidrataci\u00f3n.<\/p>\n\n\n\n<p class=\"wp-block-paragraph\">Si tienes el cabello claro, afronta la temporada c\u00e1lida con confianza con la l\u00ednea SILVER ICE, la bio-rutina dise\u00f1ada espec\u00edficamente para tu cabello:<\/p>\n\n\n\n<p class=\"wp-block-paragraph\">\u2022 CHAMP\u00da MATIZADOR VIOLETA<br>\u2022 ACONDICIONADOR ANTIAMARILLO<br>\u2022 ACONDICIONADOR SIN ENJUAGUE ANTIAMARILLO (con filtro UV)<br>\u2022 PROTECTOR T\u00c9RMICO ANTIAMARILLO<\/p>\n","protected":false},"excerpt":{"rendered":"<p>La exposici\u00f3n al sol, el calor, la contaminaci\u00f3n y otros factores ambientales pueden hacer que el cabello blanco, gris o rubio, ya sea natural o tratado qu\u00edmicamente (incluyendo mechas y otros servicios de decoloraci\u00f3n), adquiera tonos amarillentos no deseados. Sin embargo, la est\u00e9tica por s\u00ed sola, neutralizar los tonos amarillos y prevenir la p\u00e9rdida de [&hellip;]<\/p>\n","protected":false},"author":1,"featured_media":5491,"comment_status":"open","ping_status":"open","sticky":false,"template":"","format":"standard","meta":{"_acf_changed":false,"inline_featured_image":false,"footnotes":""},"categories":[178],"tags":[],"class_list":["post-5494","post","type-post","status-publish","format-standard","has-post-thumbnail","hentry","category-sin-categorizar"],"blocksy_meta":{"styles_descriptor":{"styles":{"desktop":"","tablet":"","mobile":""},"google_fonts":[],"version":7}},"acf":[],"yoast_head":"<!-- This site is optimized with the Yoast SEO plugin v28.3 - https:\/\/yoast.com\/product\/yoast-seo-wordpress\/ -->\n<title>Consejos de verano para el cabello claro - Gentleaf<\/title>\n<meta name=\"robots\" content=\"index, follow, max-snippet:-1, max-image-preview:large, max-video-preview:-1\" \/>\n<link rel=\"canonical\" href=\"https:\/\/www.gentleaf.com\/es\/consejos-de-verano-para-el-cabello-claro\/\" \/>\n<meta property=\"og:locale\" content=\"es_ES\" \/>\n<meta property=\"og:type\" content=\"article\" \/>\n<meta property=\"og:title\" content=\"Consejos de verano para el cabello claro - Gentleaf\" \/>\n<meta property=\"og:description\" content=\"La exposici\u00f3n al sol, el calor, la contaminaci\u00f3n y otros factores ambientales pueden hacer que el cabello blanco, gris o rubio, ya sea natural o tratado qu\u00edmicamente (incluyendo mechas y otros servicios de decoloraci\u00f3n), adquiera tonos amarillentos no deseados. Sin embargo, la est\u00e9tica por s\u00ed sola, neutralizar los tonos amarillos y prevenir la p\u00e9rdida de [&hellip;]\" \/>\n<meta property=\"og:url\" content=\"https:\/\/www.gentleaf.com\/es\/consejos-de-verano-para-el-cabello-claro\/\" \/>\n<meta property=\"og:site_name\" content=\"Gentleaf\" \/>\n<meta property=\"article:published_time\" content=\"2026-06-09T12:34:41+00:00\" \/>\n<meta property=\"article:modified_time\" content=\"2026-06-09T12:40:36+00:00\" \/>\n<meta property=\"og:image\" content=\"https:\/\/www.gentleaf.com\/wp-content\/uploads\/2026\/06\/HEADER-NEWSLETTER-2-1.png\" \/>\n\t<meta property=\"og:image:width\" content=\"1640\" \/>\n\t<meta property=\"og:image:height\" content=\"924\" \/>\n\t<meta property=\"og:image:type\" content=\"image\/png\" \/>\n<meta name=\"author\" content=\"admin\" \/>\n<meta name=\"twitter:card\" content=\"summary_large_image\" \/>\n<meta name=\"twitter:label1\" content=\"Escrito por\" \/>\n\t<meta name=\"twitter:data1\" content=\"admin\" \/>\n\t<meta name=\"twitter:label2\" content=\"Tiempo de lectura\" \/>\n\t<meta name=\"twitter:data2\" content=\"4 minutos\" \/>\n<script type=\"application\/ld+json\" class=\"yoast-schema-graph\">{\"@context\":\"https:\\\/\\\/schema.org\",\"@graph\":[{\"@type\":\"Article\",\"@id\":\"https:\\\/\\\/www.gentleaf.com\\\/es\\\/consejos-de-verano-para-el-cabello-claro\\\/#article\",\"isPartOf\":{\"@id\":\"https:\\\/\\\/www.gentleaf.com\\\/es\\\/consejos-de-verano-para-el-cabello-claro\\\/\"},\"author\":{\"name\":\"admin\",\"@id\":\"https:\\\/\\\/www.gentleaf.com\\\/#\\\/schema\\\/person\\\/aaec2fbf8e509edd3937b5ffe5261be0\"},\"headline\":\"Consejos de verano para el cabello claro\",\"datePublished\":\"2026-06-09T12:34:41+00:00\",\"dateModified\":\"2026-06-09T12:40:36+00:00\",\"mainEntityOfPage\":{\"@id\":\"https:\\\/\\\/www.gentleaf.com\\\/es\\\/consejos-de-verano-para-el-cabello-claro\\\/\"},\"wordCount\":666,\"commentCount\":0,\"publisher\":{\"@id\":\"https:\\\/\\\/www.gentleaf.com\\\/#organization\"},\"image\":{\"@id\":\"https:\\\/\\\/www.gentleaf.com\\\/es\\\/consejos-de-verano-para-el-cabello-claro\\\/#primaryimage\"},\"thumbnailUrl\":\"https:\\\/\\\/www.gentleaf.com\\\/wp-content\\\/uploads\\\/2026\\\/06\\\/HEADER-NEWSLETTER-2-1.png\",\"articleSection\":[\"Sin categorizar\"],\"inLanguage\":\"es\",\"potentialAction\":[{\"@type\":\"CommentAction\",\"name\":\"Comment\",\"target\":[\"https:\\\/\\\/www.gentleaf.com\\\/es\\\/consejos-de-verano-para-el-cabello-claro\\\/#respond\"]}]},{\"@type\":\"WebPage\",\"@id\":\"https:\\\/\\\/www.gentleaf.com\\\/es\\\/consejos-de-verano-para-el-cabello-claro\\\/\",\"url\":\"https:\\\/\\\/www.gentleaf.com\\\/es\\\/consejos-de-verano-para-el-cabello-claro\\\/\",\"name\":\"Consejos de verano para el cabello claro - Gentleaf\",\"isPartOf\":{\"@id\":\"https:\\\/\\\/www.gentleaf.com\\\/#website\"},\"primaryImageOfPage\":{\"@id\":\"https:\\\/\\\/www.gentleaf.com\\\/es\\\/consejos-de-verano-para-el-cabello-claro\\\/#primaryimage\"},\"image\":{\"@id\":\"https:\\\/\\\/www.gentleaf.com\\\/es\\\/consejos-de-verano-para-el-cabello-claro\\\/#primaryimage\"},\"thumbnailUrl\":\"https:\\\/\\\/www.gentleaf.com\\\/wp-content\\\/uploads\\\/2026\\\/06\\\/HEADER-NEWSLETTER-2-1.png\",\"datePublished\":\"2026-06-09T12:34:41+00:00\",\"dateModified\":\"2026-06-09T12:40:36+00:00\",\"breadcrumb\":{\"@id\":\"https:\\\/\\\/www.gentleaf.com\\\/es\\\/consejos-de-verano-para-el-cabello-claro\\\/#breadcrumb\"},\"inLanguage\":\"es\",\"potentialAction\":[{\"@type\":\"ReadAction\",\"target\":[\"https:\\\/\\\/www.gentleaf.com\\\/es\\\/consejos-de-verano-para-el-cabello-claro\\\/\"]}]},{\"@type\":\"ImageObject\",\"inLanguage\":\"es\",\"@id\":\"https:\\\/\\\/www.gentleaf.com\\\/es\\\/consejos-de-verano-para-el-cabello-claro\\\/#primaryimage\",\"url\":\"https:\\\/\\\/www.gentleaf.com\\\/wp-content\\\/uploads\\\/2026\\\/06\\\/HEADER-NEWSLETTER-2-1.png\",\"contentUrl\":\"https:\\\/\\\/www.gentleaf.com\\\/wp-content\\\/uploads\\\/2026\\\/06\\\/HEADER-NEWSLETTER-2-1.png\",\"width\":1640,\"height\":924},{\"@type\":\"BreadcrumbList\",\"@id\":\"https:\\\/\\\/www.gentleaf.com\\\/es\\\/consejos-de-verano-para-el-cabello-claro\\\/#breadcrumb\",\"itemListElement\":[{\"@type\":\"ListItem\",\"position\":1,\"name\":\"Home\",\"item\":\"https:\\\/\\\/www.gentleaf.com\\\/es\\\/\"},{\"@type\":\"ListItem\",\"position\":2,\"name\":\"Consejos de verano para el cabello claro\"}]},{\"@type\":\"WebSite\",\"@id\":\"https:\\\/\\\/www.gentleaf.com\\\/#website\",\"url\":\"https:\\\/\\\/www.gentleaf.com\\\/\",\"name\":\"Gentleaf\",\"description\":\"Organic professional cosmetics\",\"publisher\":{\"@id\":\"https:\\\/\\\/www.gentleaf.com\\\/#organization\"},\"potentialAction\":[{\"@type\":\"SearchAction\",\"target\":{\"@type\":\"EntryPoint\",\"urlTemplate\":\"https:\\\/\\\/www.gentleaf.com\\\/?s={search_term_string}\"},\"query-input\":{\"@type\":\"PropertyValueSpecification\",\"valueRequired\":true,\"valueName\":\"search_term_string\"}}],\"inLanguage\":\"es\"},{\"@type\":\"Organization\",\"@id\":\"https:\\\/\\\/www.gentleaf.com\\\/#organization\",\"name\":\"Gentleaf\",\"url\":\"https:\\\/\\\/www.gentleaf.com\\\/\",\"logo\":{\"@type\":\"ImageObject\",\"inLanguage\":\"es\",\"@id\":\"https:\\\/\\\/www.gentleaf.com\\\/#\\\/schema\\\/logo\\\/image\\\/\",\"url\":\"https:\\\/\\\/www.gentleaf.com\\\/wp-content\\\/uploads\\\/2024\\\/02\\\/biogentleaf-logo-head.svg\",\"contentUrl\":\"https:\\\/\\\/www.gentleaf.com\\\/wp-content\\\/uploads\\\/2024\\\/02\\\/biogentleaf-logo-head.svg\",\"width\":100,\"height\":100,\"caption\":\"Gentleaf\"},\"image\":{\"@id\":\"https:\\\/\\\/www.gentleaf.com\\\/#\\\/schema\\\/logo\\\/image\\\/\"},\"sameAs\":[\"https:\\\/\\\/www.instagram.com\\\/gentleaf_bio\\\/?fbclid=IwY2xjawKBnY5leHRuA2FlbQIxMABicmlkETFnR3FwYjZ4RGRtRFJjamp2AR4SGdGOPrfdrVW-SGgGqLeTEuWwIANOXw19d6-WwnRUnESn5A7nOSsg73FS5A_aem_8xfPJYhVFMj_7_V1SzFGbg\"]},{\"@type\":\"Person\",\"@id\":\"https:\\\/\\\/www.gentleaf.com\\\/#\\\/schema\\\/person\\\/aaec2fbf8e509edd3937b5ffe5261be0\",\"name\":\"admin\",\"image\":{\"@type\":\"ImageObject\",\"inLanguage\":\"es\",\"@id\":\"https:\\\/\\\/secure.gravatar.com\\\/avatar\\\/de6d20292d91e30fae892dab8072477bd6609ab12e3fd3e92f7da111c3a2f4d1?s=96&d=mm&r=g\",\"url\":\"https:\\\/\\\/secure.gravatar.com\\\/avatar\\\/de6d20292d91e30fae892dab8072477bd6609ab12e3fd3e92f7da111c3a2f4d1?s=96&d=mm&r=g\",\"contentUrl\":\"https:\\\/\\\/secure.gravatar.com\\\/avatar\\\/de6d20292d91e30fae892dab8072477bd6609ab12e3fd3e92f7da111c3a2f4d1?s=96&d=mm&r=g\",\"caption\":\"admin\"},\"sameAs\":[\"https:\\\/\\\/gentleaf.com\\\/nuovo-sito\"],\"url\":\"https:\\\/\\\/www.gentleaf.com\\\/es\\\/author\\\/admin\\\/\"}]}<\/script>\n<!-- \/ Yoast SEO plugin. -->","yoast_head_json":{"title":"Consejos de verano para el cabello claro - Gentleaf","robots":{"index":"index","follow":"follow","max-snippet":"max-snippet:-1","max-image-preview":"max-image-preview:large","max-video-preview":"max-video-preview:-1"},"canonical":"https:\/\/www.gentleaf.com\/es\/consejos-de-verano-para-el-cabello-claro\/","og_locale":"es_ES","og_type":"article","og_title":"Consejos de verano para el cabello claro - Gentleaf","og_description":"La exposici\u00f3n al sol, el calor, la contaminaci\u00f3n y otros factores ambientales pueden hacer que el cabello blanco, gris o rubio, ya sea natural o tratado qu\u00edmicamente (incluyendo mechas y otros servicios de decoloraci\u00f3n), adquiera tonos amarillentos no deseados. Sin embargo, la est\u00e9tica por s\u00ed sola, neutralizar los tonos amarillos y prevenir la p\u00e9rdida de [&hellip;]","og_url":"https:\/\/www.gentleaf.com\/es\/consejos-de-verano-para-el-cabello-claro\/","og_site_name":"Gentleaf","article_published_time":"2026-06-09T12:34:41+00:00","article_modified_time":"2026-06-09T12:40:36+00:00","og_image":[{"width":1640,"height":924,"url":"https:\/\/www.gentleaf.com\/wp-content\/uploads\/2026\/06\/HEADER-NEWSLETTER-2-1.png","type":"image\/png"}],"author":"admin","twitter_card":"summary_large_image","twitter_misc":{"Escrito por":"admin","Tiempo de lectura":"4 minutos"},"schema":{"@context":"https:\/\/schema.org","@graph":[{"@type":"Article","@id":"https:\/\/www.gentleaf.com\/es\/consejos-de-verano-para-el-cabello-claro\/#article","isPartOf":{"@id":"https:\/\/www.gentleaf.com\/es\/consejos-de-verano-para-el-cabello-claro\/"},"author":{"name":"admin","@id":"https:\/\/www.gentleaf.com\/#\/schema\/person\/aaec2fbf8e509edd3937b5ffe5261be0"},"headline":"Consejos de verano para el cabello claro","datePublished":"2026-06-09T12:34:41+00:00","dateModified":"2026-06-09T12:40:36+00:00","mainEntityOfPage":{"@id":"https:\/\/www.gentleaf.com\/es\/consejos-de-verano-para-el-cabello-claro\/"},"wordCount":666,"commentCount":0,"publisher":{"@id":"https:\/\/www.gentleaf.com\/#organization"},"image":{"@id":"https:\/\/www.gentleaf.com\/es\/consejos-de-verano-para-el-cabello-claro\/#primaryimage"},"thumbnailUrl":"https:\/\/www.gentleaf.com\/wp-content\/uploads\/2026\/06\/HEADER-NEWSLETTER-2-1.png","articleSection":["Sin categorizar"],"inLanguage":"es","potentialAction":[{"@type":"CommentAction","name":"Comment","target":["https:\/\/www.gentleaf.com\/es\/consejos-de-verano-para-el-cabello-claro\/#respond"]}]},{"@type":"WebPage","@id":"https:\/\/www.gentleaf.com\/es\/consejos-de-verano-para-el-cabello-claro\/","url":"https:\/\/www.gentleaf.com\/es\/consejos-de-verano-para-el-cabello-claro\/","name":"Consejos de verano para el cabello claro - Gentleaf","isPartOf":{"@id":"https:\/\/www.gentleaf.com\/#website"},"primaryImageOfPage":{"@id":"https:\/\/www.gentleaf.com\/es\/consejos-de-verano-para-el-cabello-claro\/#primaryimage"},"image":{"@id":"https:\/\/www.gentleaf.com\/es\/consejos-de-verano-para-el-cabello-claro\/#primaryimage"},"thumbnailUrl":"https:\/\/www.gentleaf.com\/wp-content\/uploads\/2026\/06\/HEADER-NEWSLETTER-2-1.png","datePublished":"2026-06-09T12:34:41+00:00","dateModified":"2026-06-09T12:40:36+00:00","breadcrumb":{"@id":"https:\/\/www.gentleaf.com\/es\/consejos-de-verano-para-el-cabello-claro\/#breadcrumb"},"inLanguage":"es","potentialAction":[{"@type":"ReadAction","target":["https:\/\/www.gentleaf.com\/es\/consejos-de-verano-para-el-cabello-claro\/"]}]},{"@type":"ImageObject","inLanguage":"es","@id":"https:\/\/www.gentleaf.com\/es\/consejos-de-verano-para-el-cabello-claro\/#primaryimage","url":"https:\/\/www.gentleaf.com\/wp-content\/uploads\/2026\/06\/HEADER-NEWSLETTER-2-1.png","contentUrl":"https:\/\/www.gentleaf.com\/wp-content\/uploads\/2026\/06\/HEADER-NEWSLETTER-2-1.png","width":1640,"height":924},{"@type":"BreadcrumbList","@id":"https:\/\/www.gentleaf.com\/es\/consejos-de-verano-para-el-cabello-claro\/#breadcrumb","itemListElement":[{"@type":"ListItem","position":1,"name":"Home","item":"https:\/\/www.gentleaf.com\/es\/"},{"@type":"ListItem","position":2,"name":"Consejos de verano para el cabello claro"}]},{"@type":"WebSite","@id":"https:\/\/www.gentleaf.com\/#website","url":"https:\/\/www.gentleaf.com\/","name":"Gentleaf","description":"Organic professional cosmetics","publisher":{"@id":"https:\/\/www.gentleaf.com\/#organization"},"potentialAction":[{"@type":"SearchAction","target":{"@type":"EntryPoint","urlTemplate":"https:\/\/www.gentleaf.com\/?s={search_term_string}"},"query-input":{"@type":"PropertyValueSpecification","valueRequired":true,"valueName":"search_term_string"}}],"inLanguage":"es"},{"@type":"Organization","@id":"https:\/\/www.gentleaf.com\/#organization","name":"Gentleaf","url":"https:\/\/www.gentleaf.com\/","logo":{"@type":"ImageObject","inLanguage":"es","@id":"https:\/\/www.gentleaf.com\/#\/schema\/logo\/image\/","url":"https:\/\/www.gentleaf.com\/wp-content\/uploads\/2024\/02\/biogentleaf-logo-head.svg","contentUrl":"https:\/\/www.gentleaf.com\/wp-content\/uploads\/2024\/02\/biogentleaf-logo-head.svg","width":100,"height":100,"caption":"Gentleaf"},"image":{"@id":"https:\/\/www.gentleaf.com\/#\/schema\/logo\/image\/"},"sameAs":["https:\/\/www.instagram.com\/gentleaf_bio\/?fbclid=IwY2xjawKBnY5leHRuA2FlbQIxMABicmlkETFnR3FwYjZ4RGRtRFJjamp2AR4SGdGOPrfdrVW-SGgGqLeTEuWwIANOXw19d6-WwnRUnESn5A7nOSsg73FS5A_aem_8xfPJYhVFMj_7_V1SzFGbg"]},{"@type":"Person","@id":"https:\/\/www.gentleaf.com\/#\/schema\/person\/aaec2fbf8e509edd3937b5ffe5261be0","name":"admin","image":{"@type":"ImageObject","inLanguage":"es","@id":"https:\/\/secure.gravatar.com\/avatar\/de6d20292d91e30fae892dab8072477bd6609ab12e3fd3e92f7da111c3a2f4d1?s=96&d=mm&r=g","url":"https:\/\/secure.gravatar.com\/avatar\/de6d20292d91e30fae892dab8072477bd6609ab12e3fd3e92f7da111c3a2f4d1?s=96&d=mm&r=g","contentUrl":"https:\/\/secure.gravatar.com\/avatar\/de6d20292d91e30fae892dab8072477bd6609ab12e3fd3e92f7da111c3a2f4d1?s=96&d=mm&r=g","caption":"admin"},"sameAs":["https:\/\/gentleaf.com\/nuovo-sito"],"url":"https:\/\/www.gentleaf.com\/es\/author\/admin\/"}]}},"_links":{"self":[{"href":"https:\/\/www.gentleaf.com\/es\/wp-json\/wp\/v2\/posts\/5494","targetHints":{"allow":["GET"]}}],"collection":[{"href":"https:\/\/www.gentleaf.com\/es\/wp-json\/wp\/v2\/posts"}],"about":[{"href":"https:\/\/www.gentleaf.com\/es\/wp-json\/wp\/v2\/types\/post"}],"author":[{"embeddable":true,"href":"https:\/\/www.gentleaf.com\/es\/wp-json\/wp\/v2\/users\/1"}],"replies":[{"embeddable":true,"href":"https:\/\/www.gentleaf.com\/es\/wp-json\/wp\/v2\/comments?post=5494"}],"version-history":[{"count":0,"href":"https:\/\/www.gentleaf.com\/es\/wp-json\/wp\/v2\/posts\/5494\/revisions"}],"wp:featuredmedia":[{"embeddable":true,"href":"https:\/\/www.gentleaf.com\/es\/wp-json\/wp\/v2\/media\/5491"}],"wp:attachment":[{"href":"https:\/\/www.gentleaf.com\/es\/wp-json\/wp\/v2\/media?parent=5494"}],"wp:term":[{"taxonomy":"category","embeddable":true,"href":"https:\/\/www.gentleaf.com\/es\/wp-json\/wp\/v2\/categories?post=5494"},{"taxonomy":"post_tag","embeddable":true,"href":"https:\/\/www.gentleaf.com\/es\/wp-json\/wp\/v2\/tags?post=5494"}],"curies":[{"name":"wp","href":"https:\/\/api.w.org\/{rel}","templated":true}]}}